{"id":5384,"date":"2017-11-16T10:00:31","date_gmt":"2017-11-16T10:00:31","guid":{"rendered":"http:\/\/moralfactory.com\/?p=384"},"modified":"2017-11-21T15:55:41","modified_gmt":"2017-11-21T15:55:41","slug":"fahrten-der-moral-auslegen-1","status":"publish","type":"post","link":"https:\/\/www.moralfactory.com\/?p=5384","title":{"rendered":"F\u00c4HRTEN DER MORAL AUSLEGEN (1):"},"content":{"rendered":"<h1><span style=\"color: #0000ff;\">F\u00fcr<\/span><span style=\"color: #0000ff;\"> die k\u00fcnstliche Intelligenz &amp; den menschlichen Menschen<\/span><\/h1>\n<figure id=\"attachment_385\" aria-describedby=\"caption-attachment-385\" style=\"width: 159px\" class=\"wp-caption alignleft\"><a href=\"http:\/\/moralfactory.com\/wp-content\/uploads\/2017\/11\/IMG_5093.jpg\"><img loading=\"lazy\" decoding=\"async\" class=\"wp-image-385\" title=\"Erny Gillen\" src=\"http:\/\/moralfactory.com\/wp-content\/uploads\/2017\/11\/IMG_5093-300x225.jpg\" alt=\"\" width=\"159\" height=\"119\" \/><\/a><figcaption id=\"caption-attachment-385\" class=\"wp-caption-text\">F\u00e4hrten der Moral auslegen!<\/figcaption><\/figure>\n<p><b>&#8220;Die Zeit ist mehr wert als der Raum&#8221;<\/b><\/p>\n<p>Die Frage nach dem Verh\u00e4ltnis von Raum und Zeit ist eine Frage des Menschen und eine Frage nach dem Menschen.<\/p>\n<p>Die Tiere leben in dem Raum und in der Zeit, in die sie von Natur aus eingef\u00fcgt sind. Der Mensch dagegen schafft sich seine eigenen R\u00e4ume und Zeiten, so wie sie ihm f\u00fcr die jeweiligen Bed\u00fcrfnisse und Aufgaben am besten passen.<\/p>\n<p>Wie aber geht die k\u00fcnstliche Intelligenz mit diesem Gef\u00fcge von Raum und Zeit um?<\/p>\n<p><strong>Die k\u00fcnstliche Intelligenz ist dabei unsere Konstrukte von Raum und Zeit aufzul\u00f6sen.<\/strong> Zwei Beobachtungen: Die Zeit wird mit zunehmender Geschwindigkeit auf die pure Gegenwart reduziert. Der materielle Raum l\u00f6st sich in der Cloud und Augmented Reality auf.<\/p>\n<p>Aus ethischer Perspektive vertrete ich die Meinung, dass wir das Projekt der Zukunft f\u00fcr eine menschenw\u00fcrdige Welt am besten gemeinsam mit unserem neuen Werkzeug gestalten.<\/p>\n<p>Wenn Zeit und Raum sich aufl\u00f6sen, h\u00f6ren wir als Menschen auf zu sein, wer wir sind. <strong>Raum und Zeit waren unsere List, um uns aus der rein biologischen Welt zu l\u00f6sen.<\/strong> Mit den erfundenen Parametern von Raum und Zeit gelang es uns, neue Welten, und Kulturen zu konstruieren.<\/p>\n<p>Die <b>Spuren<\/b> unserer Kulturen k\u00f6nnen wir in den R\u00e4umen verfolgen. Die z\u00fcndende Kraft und Energie f\u00fcr die immer neuen Anl\u00e4ufe sch\u00f6pfen wir hingegen aus der gestaltbaren, uns offen stehenden Zeit als (geschenkte) Zukunft.<\/p>\n<p>Genau um diesen Zeitbegriff geht es in dem <strong>heuristischen Satz von Papst Franziskus:<\/strong> &#8220;Die Zeit ist mehr wert als der Raum&#8221;, <em>Evangelii gaudium, 221.<\/em><\/p>\n<p>F\u00fcr den ethischen Umgang mit der k\u00fcnstlichen Intelligenz heisst dies: <em>Wir sollten der k\u00fcnstlichen Intelligenz F\u00e4hrten f\u00fcr die offene und nicht planbare Zeit auslegen.<\/em> Mehr noch: wir sollten ihr den Geschmack von Tod und Sterben vermitteln. Das heideggerische &#8220;Sein zum Tode&#8221; wird ihre Kreativit\u00e4t ungemein anders herausfordern.<\/p>\n<p>Das verlorene Zeitbewusstsein wirft Fragen auf, die wir Menschen dabei sind zu verdr\u00e4ngen: Beispielsweise: <span style=\"text-decoration: underline;\"><strong>Wozu<\/strong><\/span> sollen wir gesund sein und lange leben? <span style=\"text-decoration: underline;\"><strong>Warum<\/strong><\/span> sollen wir Steuern zahlen? <span style=\"text-decoration: underline;\"><strong>Was heisst das gute Leben?<\/strong><\/span><\/p>\n<p>Die k\u00fcnstliche Intelligenz mit unserer<strong> List von Raum- und Zeitgestaltung<\/strong> auszur\u00fcsten, heisst, sie sensibel f\u00fcr <span style=\"text-decoration: underline;\">Kooperation<\/span> und <span style=\"text-decoration: underline;\">Freiheit<\/span> zu machen.<\/p>\n<p>Ihr eine von fixen Algorithmen gesteuerte normative Rumpfmoral einpflanzen zu wollen, wird bei einem hoch entwickelten selbstlernenden System ohnehin nicht funktionieren. Deshalb pl\u00e4diere ich daf\u00fcr, <strong>k\u00fcnstliche Intelligenz als moralf\u00e4hige Systeme auszugestalten und ergo auch anzuerkennen.<\/strong><\/p>\n<p>Von dieser geschichtsf\u00e4higen Strategie erwarte ich mir, dass es uns in &#8211; und mit &#8211; der neuen Ausr\u00fcstung gelingt, unsere andauernde Kultur- und Moralanstrengungen mit dem neuen smarten Werkzeug der k\u00fcnstlichen Intelligenz weiterzuentwickeln. Von dieser Strategie erwarte ich mir auch, dass wir dem &#8220;zur\u00fcck zur Natur&#8221; ohne Raum und Zeit einen Riegel vorschieben.<\/p>\n<p>Erny Gillen, 21. November 2107<\/p>\n","protected":false},"excerpt":{"rendered":"<p>F\u00fcr die k\u00fcnstliche Intelligenz &amp; den menschlichen Menschen &#8220;Die Zeit ist mehr wert als der Raum&#8221; Die Frage nach dem Verh\u00e4ltnis von Raum und Zeit ist eine Frage des Menschen und eine Frage nach dem Menschen. Die Tiere leben in dem Raum und in der Zeit, in die sie von Natur aus eingef\u00fcgt sind. Der&#8230;<\/p>\n","protected":false},"author":3,"featured_media":0,"comment_status":"closed","ping_status":"closed","sticky":false,"template":"","format":"standard","meta":{"footnotes":""},"categories":[],"tags":[],"class_list":["post-5384","post","type-post","status-publish","format-standard","hentry"],"_links":{"self":[{"href":"https:\/\/www.moralfactory.com\/index.php?rest_route=\/wp\/v2\/posts\/5384","targetHints":{"allow":["GET"]}}],"collection":[{"href":"https:\/\/www.moralfactory.com\/index.php?rest_route=\/wp\/v2\/posts"}],"about":[{"href":"https:\/\/www.moralfactory.com\/index.php?rest_route=\/wp\/v2\/types\/post"}],"author":[{"embeddable":true,"href":"https:\/\/www.moralfactory.com\/index.php?rest_route=\/wp\/v2\/users\/3"}],"replies":[{"embeddable":true,"href":"https:\/\/www.moralfactory.com\/index.php?rest_route=%2Fwp%2Fv2%2Fcomments&post=5384"}],"version-history":[{"count":0,"href":"https:\/\/www.moralfactory.com\/index.php?rest_route=\/wp\/v2\/posts\/5384\/revisions"}],"wp:attachment":[{"href":"https:\/\/www.moralfactory.com\/index.php?rest_route=%2Fwp%2Fv2%2Fmedia&parent=5384"}],"wp:term":[{"taxonomy":"category","embeddable":true,"href":"https:\/\/www.moralfactory.com\/index.php?rest_route=%2Fwp%2Fv2%2Fcategories&post=5384"},{"taxonomy":"post_tag","embeddable":true,"href":"https:\/\/www.moralfactory.com\/index.php?rest_route=%2Fwp%2Fv2%2Ftags&post=5384"}],"curies":[{"name":"wp","href":"https:\/\/api.w.org\/{rel}","templated":true}]}}